{"id":764,"date":"2026-08-16T12:32:06","date_gmt":"2026-08-16T10:32:06","guid":{"rendered":"https:\/\/scsbad67.fr\/?p=764"},"modified":"2026-08-16T12:36:46","modified_gmt":"2026-08-16T10:36:46","slug":"rentree-des-jeunes-2026-2027","status":"publish","type":"post","link":"https:\/\/scsbad67.fr\/index.php\/2026\/08\/16\/rentree-des-jeunes-2026-2027\/","title":{"rendered":"Rentr\u00e9e des jeunes 2026-2027"},"content":{"rendered":"\t\t<div data-elementor-type=\"wp-post\" data-elementor-id=\"764\" class=\"elementor elementor-764\">\n\t\t\t\t<div class=\"elementor-element elementor-element-2ec8309 e-flex e-con-boxed e-con e-parent\" data-id=\"2ec8309\" data-element_type=\"container\" data-e-type=\"container\" data-settings=\"{&quot;background_background&quot;:&quot;classic&quot;}\">\n\t\t\t\t\t<div class=\"e-con-inner\">\n\t\t\t\t<div class=\"elementor-element elementor-element-62da2c9 elementor-widget elementor-widget-heading\" data-id=\"62da2c9\" data-element_type=\"widget\" data-e-type=\"widget\" data-widget_type=\"heading.default\">\n\t\t\t\t\t<h2 class=\"elementor-heading-title elementor-size-default\">Rentr\u00e9e des jeunes 2026 - 2027<\/h2>\t\t\t\t<\/div>\n\t\t\t\t\t<\/div>\n\t\t\t\t<\/div>\n\t\t<div class=\"elementor-element elementor-element-0389cb3 e-flex e-con-boxed e-con e-parent\" data-id=\"0389cb3\" data-element_type=\"container\" data-e-type=\"container\">\n\t\t\t\t\t<div class=\"e-con-inner\">\n\t\t<div class=\"elementor-element elementor-element-71358a2 e-con-full e-flex e-con e-child\" data-id=\"71358a2\" data-element_type=\"container\" data-e-type=\"container\">\n\t\t\t\t<div class=\"elementor-element elementor-element-395c442 elementor-widget elementor-widget-text-editor\" data-id=\"395c442\" data-element_type=\"widget\" data-e-type=\"widget\" data-widget_type=\"text-editor.default\">\n\t\t\t\t\t\t\t\t\t<p>Pour cette nouvelle saison, nous conservons le fonctionnement mis en place l\u2019ann\u00e9e derni\u00e8re ! Les cr\u00e9neaux du mardi et du mercredi restent inchang\u00e9s, avec les m\u00eames tranches d\u2019\u00e2ge et les m\u00eames effectifs.\u00a0<\/p><p>Deux nouveaut\u00e9s importantes cette ann\u00e9e :<br \/>&#8211; Un nouvel entra\u00eeneur qualifi\u00e9 pour nos jeunes rejoint le SCS Badminton ! Nous avons pleinement confiance en lui pour accompagner nos jeunes et leur proposer des entra\u00eenements de qualit\u00e9, adapt\u00e9s \u00e0 leur progression.<br \/>&#8211; Un nouveau cr\u00e9neau d\u2019entra\u00eenement le lundi de 19h \u00e0 20h30 sera \u00e9galement propos\u00e9. Accessible sur d\u00e9cision de l\u2019entra\u00eeneur, ce cr\u00e9neau sera destin\u00e9 aux jeunes les plus motiv\u00e9s et\/ou ayant le niveau n\u00e9cessaire pour y participer. La motivation et le niveau de jeu seront pris en compte.<\/p><h5>Les dates de rentr\u00e9e sont fix\u00e9es au <strong>mardi 8 et au mercredi 9 septembre<\/strong> !<\/h5><p>En attendant :<br \/>&#8211; Les anciens adh\u00e9rents peuvent d\u2019ores et d\u00e9j\u00e0 se r\u00e9inscrire. Attention : les r\u00e9inscriptions doivent \u00eatre effectu\u00e9es avant le 1er septembre pour \u00eatre certain de conserver sa place.<br \/>&#8211; Les nouveaux adh\u00e9rents peuvent remplir le formulaire de liste d\u2019attente.<\/p>\t\t\t\t\t\t\t\t<\/div>\n\t\t\t\t<\/div>\n\t\t\t\t\t<\/div>\n\t\t\t\t<\/div>\n\t\t\t\t<\/div>\n\t\t","protected":false},"excerpt":{"rendered":"<p>Rentr\u00e9e des jeunes 2026 &#8211; 2027 Pour cette nouvelle saison, nous conservons le fonctionnement mis en place l\u2019ann\u00e9e derni\u00e8re ! Les cr\u00e9neaux du mardi et du mercredi restent inchang\u00e9s, avec les m\u00eames tranches d\u2019\u00e2ge et les m\u00eames effectifs.\u00a0 Deux nouveaut\u00e9s importantes cette ann\u00e9e :&#8211; Un nouvel entra\u00eeneur qualifi\u00e9 pour nos jeunes rejoint le SCS Badminton [&hellip;]<\/p>\n","protected":false},"author":2,"featured_media":772,"comment_status":"closed","ping_status":"closed","sticky":false,"template":"","format":"standard","meta":{"footnotes":""},"categories":[1],"tags":[],"class_list":["post-764","post","type-post","status-publish","format-standard","has-post-thumbnail","hentry","category-non-classe"],"_links":{"self":[{"href":"https:\/\/scsbad67.fr\/index.php\/wp-json\/wp\/v2\/posts\/764","targetHints":{"allow":["GET"]}}],"collection":[{"href":"https:\/\/scsbad67.fr\/index.php\/wp-json\/wp\/v2\/posts"}],"about":[{"href":"https:\/\/scsbad67.fr\/index.php\/wp-json\/wp\/v2\/types\/post"}],"author":[{"embeddable":true,"href":"https:\/\/scsbad67.fr\/index.php\/wp-json\/wp\/v2\/users\/2"}],"replies":[{"embeddable":true,"href":"https:\/\/scsbad67.fr\/index.php\/wp-json\/wp\/v2\/comments?post=764"}],"version-history":[{"count":13,"href":"https:\/\/scsbad67.fr\/index.php\/wp-json\/wp\/v2\/posts\/764\/revisions"}],"predecessor-version":[{"id":778,"href":"https:\/\/scsbad67.fr\/index.php\/wp-json\/wp\/v2\/posts\/764\/revisions\/778"}],"wp:featuredmedia":[{"embeddable":true,"href":"https:\/\/scsbad67.fr\/index.php\/wp-json\/wp\/v2\/media\/772"}],"wp:attachment":[{"href":"https:\/\/scsbad67.fr\/index.php\/wp-json\/wp\/v2\/media?parent=764"}],"wp:term":[{"taxonomy":"category","embeddable":true,"href":"https:\/\/scsbad67.fr\/index.php\/wp-json\/wp\/v2\/categories?post=764"},{"taxonomy":"post_tag","embeddable":true,"href":"https:\/\/scsbad67.fr\/index.php\/wp-json\/wp\/v2\/tags?post=764"}],"curies":[{"name":"wp","href":"https:\/\/api.w.org\/{rel}","templated":true}]}}